{"id":1829,"date":"2015-04-23T08:05:00","date_gmt":"2015-04-23T08:05:00","guid":{"rendered":"http:\/\/whimed.com\/trends\/?p=1829"},"modified":"2015-11-13T15:06:17","modified_gmt":"2015-11-13T13:06:17","slug":"sant-jordi-y-dia-del-libro","status":"publish","type":"post","link":"https:\/\/whimed.com\/trends\/lifestyle\/sant-jordi-y-dia-del-libro\/","title":{"rendered":"Sant Jordi y D\u00eda del Libro"},"content":{"rendered":"<div id=\"attachment_1700\" class=\"wp-caption aligncenter\" ><a href=\"http:\/\/whimed.com\/trends\/wp-content\/uploads\/2015\/04\/23_sant-jordi_monica_ramoneda-big.gif\"><img loading=\"lazy\" decoding=\"async\" class=\"wp-image-1700 size-full\" src=\"\/\/whimed.com\/trends\/wp-content\/uploads\/2015\/04\/23_sant-jordi_monica_ramoneda-big.gif\" alt=\"Sant Jordi, D\u00eda del Libro, #Whimed\" width=\"700\" height=\"350\" \/><\/a><p class=\"wp-caption-text\">\u00a9 M\u00f3nica Ramoneda<\/p><\/div>\n<h4 style=\"text-align: justify;\"><span style=\"color: #000000;\">La Leyenda de Sant Jordi<\/span><\/h4>\n<p style=\"text-align: justify;\"><span style=\"color: #000000;\">Cuenta la leyenda que un temible y\u00a0<\/span>feroz drag\u00f3n acosaba a un peque\u00f1o pueblo. Como las cosechas y el ganado se hab\u00edan terminado y ya no ten\u00edan\u00a0m\u00e1s que ofrecerle, tuvieron que comenzar a sacrificar por azar a la gente del lugar. Un d\u00eda como era de esperarse, lleg\u00f3 el turno de la princesa, cuando \u00e9sta comenzaba su camino para llegar con el drag\u00f3n apareci\u00f3 un joven caballero para aponer fin a esos d\u00edas de miedo.\u00a0La princesa at\u00f3 al animal del cuello \u00a0y lo encamin\u00f3 a la puerta del pueblo para que el caballero acabar\u00e1 con \u00e9l con un espadazo certero. Se dice\u00a0que de aquella herida mortal naci\u00f3 un hermoso rosal.<\/p>\n<div id=\"attachment_1706\" class=\"wp-caption aligncenter\" ><a href=\"http:\/\/whimed.com\/trends\/wp-content\/uploads\/2015\/04\/142.jpg\"><img loading=\"lazy\" decoding=\"async\" class=\"wp-image-1706 size-full\" src=\"\/\/whimed.com\/trends\/wp-content\/uploads\/2015\/04\/142.jpg\" alt=\"d\u00eda internacional del libro, d\u00eda de sant jordi, Whimed\" width=\"300\" height=\"388\" srcset=\"https:\/\/whimed.com\/trends\/wp-content\/uploads\/2015\/04\/142.jpg 300w, https:\/\/whimed.com\/trends\/wp-content\/uploads\/2015\/04\/142-116x150.jpg 116w\" sizes=\"auto, (max-width: 300px) 100vw, 300px\" \/><\/a><p class=\"wp-caption-text\">\u00a9 CONACULTA<\/p><\/div>\n<h4 style=\"text-align: justify;\"><span style=\"color: #000000;\">D\u00eda Internacional del Libro<\/span><\/h4>\n<p style=\"text-align: justify;\"><span style=\"color: #000000;\">La celebraci\u00f3n de este d\u00eda fue una decisi\u00f3n de la \u00a0<strong>UNESCO<\/strong> en 1995, para rendir un homenaje universal a la literatura. El d\u00eda elegido (23 de abril), conmemora el nacimiento o muerte de diversos autores tales como <strong>Miguel de Cervantes<\/strong>, <strong>Garcilaso de la Vega<\/strong>,\u00a0Maurice Druon, Haldor K. Laxness, Vladimir Nabokov, <strong>Josep Pla y Manuel Mej\u00eda Vallejo<\/strong>.<\/span><\/p>\n<p style=\"text-align: justify;\"><span style=\"color: #000000;\">Este d\u00eda es el m\u00e1s esperando en el mundo editorial, ya que existen un sinn\u00famero de ferias donde autores, editores, lectores y libreros se dan cita para compartir y presentar novedades, adem\u00e1s claro de representar el mejor d\u00eda del a\u00f1o, puesto que la venta de libros alcanza su mayor porcentaje anual.<\/span><\/p>\n<h4 style=\"text-align: justify;\"><span style=\"color: #000000;\">23 de abril en nuestro d\u00edas.<\/span><\/h4>\n<p style=\"text-align: justify;\"><span style=\"color: #000000;\">Hoy en d\u00eda los caballeros y las princesas nos vestimos y jugamos roles muy distintos, sin embargo seguimos entreg\u00e1ndonos <strong>rosas como s\u00edmbolo del amor<\/strong>, y los libros siguen siendo un regalo muy especial\u00a0que nos recuerda uno de los d\u00edas m\u00e1s importantes del a\u00f1o en el mundillo literario.<\/span><\/p>\n<p style=\"text-align: justify;\"><span style=\"color: #000000;\">Sea cual sea el motivo, no cabe duda que un d\u00eda como hoy todos los lectores y no lectores compartimos la euforia y el compromiso de tomar la lectura como un buen h\u00e1bito o al menos de disfrutar de unas buenas ilustraciones o simplemente de un regalito s\u00f3lo porque s\u00ed.<\/span><\/p>\n<p style=\"text-align: justify;\"><span style=\"color: #000000;\">As\u00ed que j\u00f3venes princesas, salvemos a nuestros \u00a0caballeros y comencemos el d\u00eda regalando un buen libro y una rosa roja para conmemorar que la lectura es un mundo incre\u00edble y que no habr\u00e1 drag\u00f3n que pueda con ella.<\/span><\/p>\n<p style=\"text-align: justify;\"><span style=\"color: #000000;\">Por \u00a0\u00faltimo pero no menos importante,\u00a0\u00a0le enviamos una gran felicitaci\u00f3n a todos los<strong> Jordi, Jorge, Giogios<\/strong> y derivados en su d\u00eda.<\/span><\/p>\n<p style=\"text-align: justify;\"><span style=\"color: #000000;\">\u00a1<strong>Feli\u00e7 Sant Jordi y Feliz D\u00eda del Libro!<\/strong><\/span><\/p>\n","protected":false},"excerpt":{"rendered":"<p>J\u00f3venes princesas, salvemos a nuestros  caballeros y comencemos el d\u00eda regalando un buen libro y una rosa roja para conmemorar el D\u00eda Internacional del Libro y Sant Jordi.<\/p>\n","protected":false},"author":5,"featured_media":0,"comment_status":"open","ping_status":"open","sticky":false,"template":"","format":"standard","meta":{"footnotes":""},"categories":[540,19],"tags":[43,610,521,42,303,50,1280,312,23,657,45],"class_list":["post-1829","post","type-post","status-publish","format-standard","hentry","category-espectaculos","category-lifestyle","tag-amor","tag-editores","tag-ios","tag-lectura","tag-libros","tag-literatura","tag-princesas","tag-regalo","tag-rosa","tag-sant-jordi","tag-whimed-2"],"aioseo_notices":[],"views":2614,"_links":{"self":[{"href":"https:\/\/whimed.com\/trends\/wp-json\/wp\/v2\/posts\/1829","targetHints":{"allow":["GET"]}}],"collection":[{"href":"https:\/\/whimed.com\/trends\/wp-json\/wp\/v2\/posts"}],"about":[{"href":"https:\/\/whimed.com\/trends\/wp-json\/wp\/v2\/types\/post"}],"author":[{"embeddable":true,"href":"https:\/\/whimed.com\/trends\/wp-json\/wp\/v2\/users\/5"}],"replies":[{"embeddable":true,"href":"https:\/\/whimed.com\/trends\/wp-json\/wp\/v2\/comments?post=1829"}],"version-history":[{"count":3,"href":"https:\/\/whimed.com\/trends\/wp-json\/wp\/v2\/posts\/1829\/revisions"}],"predecessor-version":[{"id":4023,"href":"https:\/\/whimed.com\/trends\/wp-json\/wp\/v2\/posts\/1829\/revisions\/4023"}],"wp:attachment":[{"href":"https:\/\/whimed.com\/trends\/wp-json\/wp\/v2\/media?parent=1829"}],"wp:term":[{"taxonomy":"category","embeddable":true,"href":"https:\/\/whimed.com\/trends\/wp-json\/wp\/v2\/categories?post=1829"},{"taxonomy":"post_tag","embeddable":true,"href":"https:\/\/whimed.com\/trends\/wp-json\/wp\/v2\/tags?post=1829"}],"curies":[{"name":"wp","href":"https:\/\/api.w.org\/{rel}","templated":true}]}}